{"id":1321,"date":"2021-09-16T09:33:24","date_gmt":"2021-09-16T08:33:24","guid":{"rendered":"http:\/\/www.hundefreunde-erbach.com\/?p=1321"},"modified":"2021-09-16T09:33:24","modified_gmt":"2021-09-16T08:33:24","slug":"jahres-hauptversammlung-am-25-09-2021-um-1700-uhr","status":"publish","type":"post","link":"http:\/\/www.hundefreunde-erbach.com\/?p=1321","title":{"rendered":"Jahres-Hauptversammlung am 25.09.2021 um 17:00 Uhr"},"content":{"rendered":"<p>Liebe Mitglieder,<\/p>\n<p>wie Ihr bereits schon aus unserer schriftlichen Einladung erfahren habt, findet nach 2 Jahren Corona-Beschr\u00e4nkungen, am 25.09.2021 unsere Jahres-Hauptversammlung der Mitglieder statt.<br \/>\nWir bitte Euch um m\u00f6glichst zahlreiches Erscheinen, da einige wichtige Wahlen anstehen, f\u00fcr die eine entsprechende Stimmenanzahl w\u00fcnschenswert ist.<\/p>\n<p>Bitte habt dabei Verst\u00e4ndnis, dass wir uns bez\u00fcglich der Teilnahme an unserer Mitgliederversammlung an der, mittlerweise g\u00e4ngigen 3-G Regelung orientieren. Also wenn Ihr kommt, dann bitte bringt Euren Impfnachweis, eine Best\u00e4tigung zur Genesung von einer Covid19 Erkrankung oder einen negativen Test (nicht \u00e4lter als 48 Stunden) mit.<\/p>\n<p>Denkt bitte auch an entsprechende Kleidung, wir treffen uns unter dem Freisitz unseres Vereinsgel\u00e4ndes.<\/p>\n<p>Herzliche Gr\u00fc\u00dfe<br \/>\nder Vorstand<\/p>\n","protected":false},"excerpt":{"rendered":"<p>Liebe Mitglieder, wie Ihr bereits schon aus unserer schriftlichen Einladung erfahren habt, findet nach 2 Jahren Corona-Beschr\u00e4nkungen, am 25.09.2021 unsere Jahres-Hauptversammlung der Mitglieder statt. Wir bitte Euch um m\u00f6glichst zahlreiches Erscheinen, da einige wichtige Wahlen anstehen, f\u00fcr die eine entsprechende Stimmenanzahl w\u00fcnschenswert ist. Bitte habt dabei Verst\u00e4ndnis, dass wir uns bez\u00fcglich der Teilnahme an unserer &hellip; <\/p>\n<p class=\"link-more\"><a href=\"http:\/\/www.hundefreunde-erbach.com\/?p=1321\" class=\"more-link\"><span class=\"screen-reader-text\">\u201eJahres-Hauptversammlung am 25.09.2021 um 17:00 Uhr\u201c<\/span> weiterlesen<\/a><\/p>\n","protected":false},"author":1,"featured_media":0,"comment_status":"open","ping_status":"open","sticky":false,"template":"","format":"standard","meta":{"_bbp_topic_count":0,"_bbp_reply_count":0,"_bbp_total_topic_count":0,"_bbp_total_reply_count":0,"_bbp_voice_count":0,"_bbp_anonymous_reply_count":0,"_bbp_topic_count_hidden":0,"_bbp_reply_count_hidden":0,"_bbp_forum_subforum_count":0,"footnotes":""},"categories":[1],"tags":[],"class_list":["post-1321","post","type-post","status-publish","format-standard","hentry","category-sonstiges"],"_links":{"self":[{"href":"http:\/\/www.hundefreunde-erbach.com\/index.php?rest_route=\/wp\/v2\/posts\/1321","targetHints":{"allow":["GET"]}}],"collection":[{"href":"http:\/\/www.hundefreunde-erbach.com\/index.php?rest_route=\/wp\/v2\/posts"}],"about":[{"href":"http:\/\/www.hundefreunde-erbach.com\/index.php?rest_route=\/wp\/v2\/types\/post"}],"author":[{"embeddable":true,"href":"http:\/\/www.hundefreunde-erbach.com\/index.php?rest_route=\/wp\/v2\/users\/1"}],"replies":[{"embeddable":true,"href":"http:\/\/www.hundefreunde-erbach.com\/index.php?rest_route=%2Fwp%2Fv2%2Fcomments&post=1321"}],"version-history":[{"count":1,"href":"http:\/\/www.hundefreunde-erbach.com\/index.php?rest_route=\/wp\/v2\/posts\/1321\/revisions"}],"predecessor-version":[{"id":1322,"href":"http:\/\/www.hundefreunde-erbach.com\/index.php?rest_route=\/wp\/v2\/posts\/1321\/revisions\/1322"}],"wp:attachment":[{"href":"http:\/\/www.hundefreunde-erbach.com\/index.php?rest_route=%2Fwp%2Fv2%2Fmedia&parent=1321"}],"wp:term":[{"taxonomy":"category","embeddable":true,"href":"http:\/\/www.hundefreunde-erbach.com\/index.php?rest_route=%2Fwp%2Fv2%2Fcategories&post=1321"},{"taxonomy":"post_tag","embeddable":true,"href":"http:\/\/www.hundefreunde-erbach.com\/index.php?rest_route=%2Fwp%2Fv2%2Ftags&post=1321"}],"curies":[{"name":"wp","href":"https:\/\/api.w.org\/{rel}","templated":true}]}}