{"id":1184,"date":"2020-03-13T12:49:41","date_gmt":"2020-03-13T11:49:41","guid":{"rendered":"http:\/\/www.hundefreunde-erbach.com\/?p=1184"},"modified":"2020-03-13T12:52:00","modified_gmt":"2020-03-13T11:52:00","slug":"jahreshauptversammlung-wird-verschoben","status":"publish","type":"post","link":"http:\/\/www.hundefreunde-erbach.com\/?p=1184","title":{"rendered":"Jahreshauptversammlung ist verschoben !"},"content":{"rendered":"<p>Liebe Hundefreunde,<\/p>\n<p>aufgrund der aktuellen Situation sehen wir uns gezwungen die f\u00fcr morgen, 14.03.2020 angesetzte Jahreshauptversammlung unserer Mitglieder abzusagen.<\/p>\n<p>Wir werden einen neuen Termin bestimmen, sobald es die Gef\u00e4hrdungslage zu Corona wieder zul\u00e4sst. Die Einladung dazu werden allen Mitgliedern erneut, mit entsprechendem Vorlauf, per Briefpost zugestellt.<\/p>\n<p>Viele Gr\u00fc\u00dfe<br \/>\nDer Vorstand<\/p>\n","protected":false},"excerpt":{"rendered":"<p>Liebe Hundefreunde, aufgrund der aktuellen Situation sehen wir uns gezwungen die f\u00fcr morgen, 14.03.2020 angesetzte Jahreshauptversammlung unserer Mitglieder abzusagen. Wir werden einen neuen Termin bestimmen, sobald es die Gef\u00e4hrdungslage zu Corona wieder zul\u00e4sst. Die Einladung dazu werden allen Mitgliedern erneut, mit entsprechendem Vorlauf, per Briefpost zugestellt. Viele Gr\u00fc\u00dfe Der Vorstand<\/p>\n","protected":false},"author":1,"featured_media":0,"comment_status":"open","ping_status":"open","sticky":false,"template":"","format":"standard","meta":{"_bbp_topic_count":0,"_bbp_reply_count":0,"_bbp_total_topic_count":0,"_bbp_total_reply_count":0,"_bbp_voice_count":0,"_bbp_anonymous_reply_count":0,"_bbp_topic_count_hidden":0,"_bbp_reply_count_hidden":0,"_bbp_forum_subforum_count":0,"footnotes":""},"categories":[1],"tags":[],"class_list":["post-1184","post","type-post","status-publish","format-standard","hentry","category-sonstiges"],"_links":{"self":[{"href":"http:\/\/www.hundefreunde-erbach.com\/index.php?rest_route=\/wp\/v2\/posts\/1184","targetHints":{"allow":["GET"]}}],"collection":[{"href":"http:\/\/www.hundefreunde-erbach.com\/index.php?rest_route=\/wp\/v2\/posts"}],"about":[{"href":"http:\/\/www.hundefreunde-erbach.com\/index.php?rest_route=\/wp\/v2\/types\/post"}],"author":[{"embeddable":true,"href":"http:\/\/www.hundefreunde-erbach.com\/index.php?rest_route=\/wp\/v2\/users\/1"}],"replies":[{"embeddable":true,"href":"http:\/\/www.hundefreunde-erbach.com\/index.php?rest_route=%2Fwp%2Fv2%2Fcomments&post=1184"}],"version-history":[{"count":2,"href":"http:\/\/www.hundefreunde-erbach.com\/index.php?rest_route=\/wp\/v2\/posts\/1184\/revisions"}],"predecessor-version":[{"id":1186,"href":"http:\/\/www.hundefreunde-erbach.com\/index.php?rest_route=\/wp\/v2\/posts\/1184\/revisions\/1186"}],"wp:attachment":[{"href":"http:\/\/www.hundefreunde-erbach.com\/index.php?rest_route=%2Fwp%2Fv2%2Fmedia&parent=1184"}],"wp:term":[{"taxonomy":"category","embeddable":true,"href":"http:\/\/www.hundefreunde-erbach.com\/index.php?rest_route=%2Fwp%2Fv2%2Fcategories&post=1184"},{"taxonomy":"post_tag","embeddable":true,"href":"http:\/\/www.hundefreunde-erbach.com\/index.php?rest_route=%2Fwp%2Fv2%2Ftags&post=1184"}],"curies":[{"name":"wp","href":"https:\/\/api.w.org\/{rel}","templated":true}]}}