{"id":1180,"date":"2020-03-02T16:32:52","date_gmt":"2020-03-02T15:32:52","guid":{"rendered":"http:\/\/www.hundefreunde-erbach.com\/?p=1180"},"modified":"2020-03-02T16:32:52","modified_gmt":"2020-03-02T15:32:52","slug":"trainingszeiten-ab-dem-04-april-2020","status":"publish","type":"post","link":"http:\/\/www.hundefreunde-erbach.com\/?p=1180","title":{"rendered":"Trainingszeiten ab dem 04. April 2020"},"content":{"rendered":"<p>Mit dem 04. April 2020 endet unsere Winter-Trainingszeit und wir trennen unsere Trainingsgruppen am Samstag wieder:<\/p>\n<p>Grundgehorsam im Alltag f\u00fcr <strong>Fortgeschrittene<\/strong> von 15:00 &#8211; 15:45 Uhr<br \/>\nGrundgehorsam im Alltag f\u00fcr <strong>Anf\u00e4nger<\/strong>\u00a0 \u00a0 \u00a0 \u00a0 \u00a0 \u00a0 \u00a0 \u00a0 \u00a0 von 16:00 &#8211; 16:45 Uhr<\/p>\n<p>Au\u00dferdem bieten wir dann zus\u00e4tzlich am Samstag:<br \/>\nUnterordnung f\u00fcr <strong>Anf\u00e4nger\u00a0 \u00a0 \u00a0 \u00a0 \u00a0 \u00a0 \u00a0 \u00a0 \u00a0 \u00a0 \u00a0 \u00a0 \u00a0 \u00a0 \u00a0 \u00a0 \u00a0 \u00a0 \u00a0 \u00a0 \u00a0 \u00a0 <\/strong>von 15:00 &#8211; 15:45 Uhr<br \/>\nUnterordnung f\u00fcr <strong>Fortgeschrittene<\/strong>\u00a0 \u00a0 \u00a0 \u00a0 \u00a0 \u00a0 \u00a0 \u00a0 \u00a0 \u00a0 \u00a0 \u00a0 \u00a0von 16:00 &#8211; 16:45 Uhr<\/p>\n","protected":false},"excerpt":{"rendered":"<p>Mit dem 04. April 2020 endet unsere Winter-Trainingszeit und wir trennen unsere Trainingsgruppen am Samstag wieder: Grundgehorsam im Alltag f\u00fcr Fortgeschrittene von 15:00 &#8211; 15:45 Uhr Grundgehorsam im Alltag f\u00fcr Anf\u00e4nger\u00a0 \u00a0 \u00a0 \u00a0 \u00a0 \u00a0 \u00a0 \u00a0 \u00a0 von 16:00 &#8211; 16:45 Uhr Au\u00dferdem bieten wir dann zus\u00e4tzlich am Samstag: Unterordnung f\u00fcr Anf\u00e4nger\u00a0 \u00a0 &hellip; <\/p>\n<p class=\"link-more\"><a href=\"http:\/\/www.hundefreunde-erbach.com\/?p=1180\" class=\"more-link\"><span class=\"screen-reader-text\">\u201eTrainingszeiten ab dem 04. April 2020\u201c<\/span> weiterlesen<\/a><\/p>\n","protected":false},"author":1,"featured_media":0,"comment_status":"open","ping_status":"open","sticky":false,"template":"","format":"standard","meta":{"_bbp_topic_count":0,"_bbp_reply_count":0,"_bbp_total_topic_count":0,"_bbp_total_reply_count":0,"_bbp_voice_count":0,"_bbp_anonymous_reply_count":0,"_bbp_topic_count_hidden":0,"_bbp_reply_count_hidden":0,"_bbp_forum_subforum_count":0,"footnotes":""},"categories":[1],"tags":[],"class_list":["post-1180","post","type-post","status-publish","format-standard","hentry","category-sonstiges"],"_links":{"self":[{"href":"http:\/\/www.hundefreunde-erbach.com\/index.php?rest_route=\/wp\/v2\/posts\/1180","targetHints":{"allow":["GET"]}}],"collection":[{"href":"http:\/\/www.hundefreunde-erbach.com\/index.php?rest_route=\/wp\/v2\/posts"}],"about":[{"href":"http:\/\/www.hundefreunde-erbach.com\/index.php?rest_route=\/wp\/v2\/types\/post"}],"author":[{"embeddable":true,"href":"http:\/\/www.hundefreunde-erbach.com\/index.php?rest_route=\/wp\/v2\/users\/1"}],"replies":[{"embeddable":true,"href":"http:\/\/www.hundefreunde-erbach.com\/index.php?rest_route=%2Fwp%2Fv2%2Fcomments&post=1180"}],"version-history":[{"count":1,"href":"http:\/\/www.hundefreunde-erbach.com\/index.php?rest_route=\/wp\/v2\/posts\/1180\/revisions"}],"predecessor-version":[{"id":1181,"href":"http:\/\/www.hundefreunde-erbach.com\/index.php?rest_route=\/wp\/v2\/posts\/1180\/revisions\/1181"}],"wp:attachment":[{"href":"http:\/\/www.hundefreunde-erbach.com\/index.php?rest_route=%2Fwp%2Fv2%2Fmedia&parent=1180"}],"wp:term":[{"taxonomy":"category","embeddable":true,"href":"http:\/\/www.hundefreunde-erbach.com\/index.php?rest_route=%2Fwp%2Fv2%2Fcategories&post=1180"},{"taxonomy":"post_tag","embeddable":true,"href":"http:\/\/www.hundefreunde-erbach.com\/index.php?rest_route=%2Fwp%2Fv2%2Ftags&post=1180"}],"curies":[{"name":"wp","href":"https:\/\/api.w.org\/{rel}","templated":true}]}}